{"id":43135,"date":"2021-08-29T10:00:14","date_gmt":"2021-08-29T08:00:14","guid":{"rendered":"https:\/\/www.comparasemplice.it\/informazioni\/?p=43135"},"modified":"2021-09-13T16:36:07","modified_gmt":"2021-09-13T14:36:07","slug":"auto-con-tetto-panoramico-eccole","status":"publish","type":"post","link":"https:\/\/www.comparasemplice.it\/informazioni\/auto\/auto-con-tetto-panoramico-eccole","title":{"rendered":"Auto con tetto panoramico? Eccole!"},"content":{"rendered":"<p>Le auto cabrio, dalla primavera ai primi dell&#8217;autunno, hanno un fascino indiscutibile. Il famoso&#8230; &#8220;vento tra i capelli&#8221;, l&#8217;aria sul volto, una sensazione che con pochi altri mezzi si pi\u00f2 provare. Le cabrio per\u00f2 sono costose, spesso biposto e con poco bagagliaio, magari basse e scomode. La soluzione? Ad esempio la via di mezzo, ovvero <strong>l&#8217;auto con il tetto panoramico<\/strong>! Oggi questo tipo di tettucci sono particolarmente richiesti sul mercato, ma come ogni cosa ci sono pro e contro. Scopriamo insieme quali modelli esistono e qualche prezzo.<\/p>\n<p>Sommario<\/p><div class=\"sommario\" id=\"indice\"><ol><li><a class=\"link_sommario\" href=\"#la-lista-delle-auto-con-il-tetto-panoramico\">La lista delle auto con il tetto panoramico<\/a><\/li><li><a class=\"link_sommario\" href=\"#cos-e-un-tetto-panoramico\">Cos'\u00e8 un tetto panoramico<\/a><\/li><li><a class=\"link_sommario\" href=\"#tetto-panoramico-perche-acquistarlo\">Tetto panoramico: perch\u00e9 acquistarlo<\/a><\/li><li><a class=\"link_sommario\" href=\"#tetto-panoramico-gli-svantaggi\">Tetto panoramico: gli svantaggi<\/a><\/li><\/ol><\/div>\n<div class=\"step_button text_center displaynone_amp\"><a id=\"banner_interno_nlt\" class=\"w100 link_button mb20 big rounded\" title=\"Preventivo online per il noleggio a lungo termine\" href=\"https:\/\/www.comparasemplice.it\/noleggio-lungo-termine\">Confronta i preventivi per il noleggio a lungo termine<\/a><\/div>\n\n<h2>La lista delle auto con il tetto panoramico<\/h2>\n<p>Le automobili dotate di tetti panoramici sono tendenzialmente <a href=\"https:\/\/www.comparasemplice.it\/informazioni\/auto\/auto-monovolume-migliori\"><strong>monovolume<\/strong><\/a>, come ad esempio la <strong>Kia Venga<\/strong> e la <strong>Fiat 500L<\/strong>.\u00a0Sulla coreana il tetto apribile \u00e8 di serie per l\u2019allestimento high tech, mentre per l&#8217;italiana \u00e8 optional (e non costa pochissimo). Citiamo anche la <strong>Volkswagen\u00a0Caddy<\/strong>, cos\u00ec come la <strong>Renault Kangoo<\/strong>, ma anche la <strong>Kia Carens<\/strong>, che il tetto apribile, lo ha di serie. Citiamo poi le<strong> BMW Serie 2 Active<\/strong> e <strong>Gran Tourer<\/strong> con un optional che costa 1.280 euro. Abbiamo poi importi simili per le <strong>Volkswagen Sharan<\/strong> e <strong>Touran<\/strong>. Ancora, la <strong>Renault Sc\u00e9nic Xl mod<\/strong> lo ha tra gli optional, e costa poco meno di 1.000 euro. Non mancano la <strong>Ford EcoSport<\/strong> e, di serie lo troviamo anche sulla elettrica <strong>Volkswagen ID.4 1ST Max<\/strong>, ma anche sulla <strong>Dacia Sandero<\/strong> pu\u00f2 essere richiesto. Insomma, quasi tutte le auto lo offrono, chiedete in concessionaria.<\/p>\n<p>Di seguito, una tabella che riassume la lista delle <strong>auto che offrono il tetto panoramico<\/strong> (di serie o come optional):<\/p>\n<table style=\"border-collapse: collapse; width: 100%;\" border=\"1\">\n<tbody>\n<tr style=\"height: 24px;\">\n<td style=\"width: 50%; height: 24px;\"><strong>Modello<\/strong><\/td>\n<td style=\"width: 50%; height: 24px;\"><strong>Tetto panoramico<\/strong><\/td>\n<\/tr>\n<tr style=\"height: 24px;\">\n<td style=\"width: 50%; height: 24px;\">Kia Venga<\/td>\n<td style=\"width: 50%; height: 24px;\">Di serie<\/td>\n<\/tr>\n<tr style=\"height: 24px;\">\n<td style=\"width: 50%; height: 24px;\">Fiat 500L<\/td>\n<td style=\"width: 50%; height: 24px;\">Optional<\/td>\n<\/tr>\n<tr style=\"height: 24px;\">\n<td style=\"width: 50%; height: 24px;\">Volkswagen Caddy<\/td>\n<td style=\"width: 50%; height: 24px;\">Optional<\/td>\n<\/tr>\n<tr style=\"height: 24px;\">\n<td style=\"width: 50%; height: 24px;\">Renault Kangoo<\/td>\n<td style=\"width: 50%; height: 24px;\">Optional<\/td>\n<\/tr>\n<tr style=\"height: 24px;\">\n<td style=\"width: 50%; height: 24px;\">Kia Carens<\/td>\n<td style=\"width: 50%; height: 24px;\">Di serie<\/td>\n<\/tr>\n<tr style=\"height: 24px;\">\n<td style=\"width: 50%; height: 24px;\">BMW Serie 2 Active<\/td>\n<td style=\"width: 50%; height: 24px;\">Optional<\/td>\n<\/tr>\n<tr style=\"height: 24px;\">\n<td style=\"width: 50%; height: 24px;\">BMW Gran Tourer<\/td>\n<td style=\"width: 50%; height: 24px;\">Optional<\/td>\n<\/tr>\n<tr style=\"height: 24px;\">\n<td style=\"width: 50%; height: 24px;\">Volkswagen Sharan<\/td>\n<td style=\"width: 50%; height: 24px;\">Optional<\/td>\n<\/tr>\n<tr style=\"height: 24px;\">\n<td style=\"width: 50%; height: 24px;\">Volkswagen Touran<\/td>\n<td style=\"width: 50%; height: 24px;\">Optional<\/td>\n<\/tr>\n<tr>\n<td style=\"width: 50%;\">Renault Sc\u00e9nic XI<\/td>\n<td style=\"width: 50%;\">Optional<\/td>\n<\/tr>\n<tr>\n<td style=\"width: 50%;\">Ford EcoSport<\/td>\n<td style=\"width: 50%;\">Optional<\/td>\n<\/tr>\n<tr>\n<td style=\"width: 50%;\">Volkswagen ID.4 1ST Max<\/td>\n<td style=\"width: 50%;\">Di serie<\/td>\n<\/tr>\n<tr>\n<td style=\"width: 50%;\">Dacia Sandero<\/td>\n<td style=\"width: 50%;\">Optional<\/td>\n<\/tr>\n<\/tbody>\n<\/table>\n<h2>Cos&#8217;\u00e8 un tetto panoramico<\/h2>\n<p>Il <strong>tetto panoramico<\/strong> \u00e8 una porzione di <strong>tettuccio dell&#8217;auto<\/strong> costruito in <strong>materiale trasparente<\/strong> (solitamente vetro rinforzato) <strong>e oscurato<\/strong> (per filtrare la luce del sole), che pu\u00f2 essere:<\/p>\n<ul>\n<li><strong>fisso<\/strong>: \u00e8 parte integrante della struttura del tettuccio dell&#8217;automobile; permette l&#8217;ingresso di luce e offre ampia visibilit\u00e0 del panorama;<\/li>\n<li><strong>apribile<\/strong>: \u00e8 formato da un portello che, all&#8217;occorrenza, pu\u00f2 essere parzialmente o completamente aperto per permettere l&#8217;ingresso dell&#8217;aria.<\/li>\n<\/ul>\n<h2>Tetto panoramico: perch\u00e9 acquistarlo<\/h2>\n<p>La prima cosa, o meglio, motivazione del perch\u00e9 acquistare un tetto panoramico \u00e8 la <strong>praticit\u00e0<\/strong>. Subito dopo, ci sar\u00e0 l&#8217;estetica della nostra automobile. Il tetto, vetrato e magari apribile regala un vero e proprio tocco di <strong>classe<\/strong> in pi\u00f9 alla nostra cara automobile. Aumenta poi il comfort a bordo, poich\u00e9 se apribile, consente di godere di un giro d&#8217;<strong>aria<\/strong> superiore nell&#8217;abitacolo, e magari un po&#8217; di fresco nelle ore serali. Al contrario, nei mesi invernali, pi\u00f9 bui, avremo una <strong>illuminazione<\/strong> superiore nel nostro abitacolo. Anche durante le giornate uggiose, avrete pi\u00f9 luce, e la luce si sa, aiuta l&#8217;umore.<\/p>\n<p>Insomma, schiacciare quel pulsante e vedere o sentire il tetto che si sposta, fa bene all&#8217;umore. Il tetto panoramico poi, dove c&#8217;\u00e8 pi\u00f9 superficie vetrata, vi consentir\u00e0 di essere pi\u00f9 romantici la sera. Volete mettere? Panorama d&#8217;avanti ai vostri occhi, stelle sopra la vostra testa e se piove&#8230; beh se piove, in tutti i film dicono che la pioggia \u00e8 romantica, quindi giocatevi la cosa!<\/p>\n<h2>Tetto panoramico: gli svantaggi<\/h2>\n<p>Fondamentalmente il tetto panoramico ha un solo grosso limite, quello della <strong>sicurezza<\/strong>. Intanto la lastra vetrata pesa non poco, e poi in caso di un eventuale ribaltamento dell\u2019auto non \u00e8 certo il massimo. Il vetro, anzi, la lastra pu\u00f2 pesare fino a dieci volte rispetto ad classico parabrezza. Il problema \u00e8 stato aggirato grazie allo \u201cSpallshield\u201d, un materiale composito. Questo offre una resistenza all\u2019impatto otto volte superiore rispetto ad un classico vetro laminato, ed inoltre non produce schegge. Questo perch\u00e9 al suo interno c&#8217;\u00e8 uno strato di materiale plastico.<\/p>\n","protected":false},"excerpt":{"rendered":"<p>Le auto cabrio, dalla primavera ai primi dell&#8217;autunno, hanno un fascino indiscutibile. Il famoso&#8230; &#8220;vento tra i capelli&#8221;, l&#8217;aria sul&#8230;<\/p>\n","protected":false},"author":47,"featured_media":43137,"comment_status":"open","ping_status":"open","sticky":false,"template":"","format":"standard","meta":{"_acf_changed":false,"footnotes":""},"categories":[27],"tags":[],"acf":[],"yoast_head":"<!-- This site is optimized with the Yoast SEO plugin v23.4 - https:\/\/yoast.com\/wordpress\/plugins\/seo\/ -->\n<title>Quali sono le auto con tetto panoramico? Modelli, vantaggi e gli svantaggi<\/title>\n<meta name=\"description\" content=\"In questo post parliamo di Auto con tetto panoramico? Eccone alcune, con pro e contro. Leggi di pi\u00f9 su Auto con tetto panoramico? Pro e contro.\" \/>\n<meta name=\"robots\" content=\"index, follow, max-snippet:-1, max-image-preview:large, max-video-preview:-1\" \/>\n<link rel=\"canonical\" href=\"https:\/\/www.comparasemplice.it\/informazioni\/auto\/auto-con-tetto-panoramico-eccole\" \/>\n<meta name=\"author\" content=\"Fabio Caliendo\" \/>\n<script type=\"application\/ld+json\" class=\"yoast-schema-graph\">{\"@context\":\"https:\/\/schema.org\",\"@graph\":[{\"@type\":\"BreadcrumbList\",\"@id\":\"https:\/\/www.comparasemplice.it\/informazioni\/auto\/auto-con-tetto-panoramico-eccole#breadcrumb\",\"itemListElement\":[{\"@type\":\"ListItem\",\"position\":1,\"name\":\"Home\",\"item\":\"https:\/\/www.comparasemplice.it\/informazioni\"},{\"@type\":\"ListItem\",\"position\":2,\"name\":\"Auto con tetto panoramico? Eccole!\"}]}]}<\/script>\n<!-- \/ Yoast SEO plugin. -->","yoast_head_json":{"title":"Quali sono le auto con tetto panoramico? Modelli, vantaggi e gli svantaggi","description":"In questo post parliamo di Auto con tetto panoramico? Eccone alcune, con pro e contro. Leggi di pi\u00f9 su Auto con tetto panoramico? Pro e contro.","robots":{"index":"index","follow":"follow","max-snippet":"max-snippet:-1","max-image-preview":"max-image-preview:large","max-video-preview":"max-video-preview:-1"},"canonical":"https:\/\/www.comparasemplice.it\/informazioni\/auto\/auto-con-tetto-panoramico-eccole","author":"Fabio Caliendo","schema":{"@context":"https:\/\/schema.org","@graph":[{"@type":"BreadcrumbList","@id":"https:\/\/www.comparasemplice.it\/informazioni\/auto\/auto-con-tetto-panoramico-eccole#breadcrumb","itemListElement":[{"@type":"ListItem","position":1,"name":"Home","item":"https:\/\/www.comparasemplice.it\/informazioni"},{"@type":"ListItem","position":2,"name":"Auto con tetto panoramico? Eccole!"}]}]}},"_links":{"self":[{"href":"https:\/\/www.comparasemplice.it\/informazioni\/wp-json\/wp\/v2\/posts\/43135"}],"collection":[{"href":"https:\/\/www.comparasemplice.it\/informazioni\/wp-json\/wp\/v2\/posts"}],"about":[{"href":"https:\/\/www.comparasemplice.it\/informazioni\/wp-json\/wp\/v2\/types\/post"}],"author":[{"embeddable":true,"href":"https:\/\/www.comparasemplice.it\/informazioni\/wp-json\/wp\/v2\/users\/47"}],"replies":[{"embeddable":true,"href":"https:\/\/www.comparasemplice.it\/informazioni\/wp-json\/wp\/v2\/comments?post=43135"}],"version-history":[{"count":6,"href":"https:\/\/www.comparasemplice.it\/informazioni\/wp-json\/wp\/v2\/posts\/43135\/revisions"}],"predecessor-version":[{"id":43506,"href":"https:\/\/www.comparasemplice.it\/informazioni\/wp-json\/wp\/v2\/posts\/43135\/revisions\/43506"}],"wp:featuredmedia":[{"embeddable":true,"href":"https:\/\/www.comparasemplice.it\/informazioni\/wp-json\/wp\/v2\/media\/43137"}],"wp:attachment":[{"href":"https:\/\/www.comparasemplice.it\/informazioni\/wp-json\/wp\/v2\/media?parent=43135"}],"wp:term":[{"taxonomy":"category","embeddable":true,"href":"https:\/\/www.comparasemplice.it\/informazioni\/wp-json\/wp\/v2\/categories?post=43135"},{"taxonomy":"post_tag","embeddable":true,"href":"https:\/\/www.comparasemplice.it\/informazioni\/wp-json\/wp\/v2\/tags?post=43135"}],"curies":[{"name":"wp","href":"https:\/\/api.w.org\/{rel}","templated":true}]}}