{"id":56281,"date":"2023-10-03T14:46:26","date_gmt":"2023-10-03T12:46:26","guid":{"rendered":"https:\/\/www.comparasemplice.it\/informazioni\/?p=56281"},"modified":"2024-11-20T12:07:59","modified_gmt":"2024-11-20T11:07:59","slug":"rinvio-fine-mercato-tutelato-proroga","status":"publish","type":"post","link":"https:\/\/www.comparasemplice.it\/informazioni\/news\/rinvio-fine-mercato-tutelato-proroga","title":{"rendered":"Rinvio fine mercato tutelato: si va verso una nuova proroga, cosa pu\u00f2 accadere"},"content":{"rendered":"<p>A poche settimane dalla sua abolizione definitiva, il governo sembra essere sempre pi\u00f9 intenzionato a optare per l&#8217;ennesimo rinvio del mercato tutelato per le utenze di luce e gas, come gi\u00e0 era accaduto in passato. Al momento se non ci fossero provvedimenti il passaggio al mercato libero \u00e8 stabilito per il prossimo 10 gennaio 2024 per il gas domestico, e ad aprile 2024 per l&#8217;elettricit\u00e0. Chi \u00e8 rimasto finora con il regime di maggior tutela ha comunque gi\u00e0 da ora e da tempo la facolt\u00e0 di usufruire dei vantaggi previsti dal mercato libero, che consente di scegliere il fornitore e la tariffa che ritiene si adattino meglio alle proprie esigenze e abitudini di consumo.<\/p>\n<p>Sommario<\/p><div class=\"sommario\" id=\"indice\"><ol><li><a class=\"link_sommario\" href=\"#rinvio-mercato-tutelato-la-decisione-e-vicina\">Rinvio mercato tutelato: la decisione \u00e8 vicina<\/a><\/li><li><a class=\"link_sommario\" href=\"#una-tutela-per-le-famiglie-meno-abbienti\">Una tutela per le famiglie meno abbienti<\/a><\/li><\/ol><\/div>\n<div style=\"margin-left: auto;margin-right: auto;text-align: center;clear: both;\" id=\"compa-3157318834\"><div class=\"step_button text_center displaynone_amp\"><a id=\"banner_interno_energia\" class=\"w100 link_button mb20 big rounded\" title=\"Confronta le offerte luce e gas\" href=\"https:\/\/www.comparasemplice.it\/energia-luce-gas\">Confronta le offerte luce e gas<\/a><\/div>\n<\/div><br style=\"clear: both; display: block; float: none;\"\/>\n<h2>Rinvio mercato tutelato: la decisione \u00e8 vicina<\/h2>\n<p>Il <strong>governo<\/strong> guidato da Giorgia Meloni sembra essere intenzionato a <strong>dare ancora una volta una proroga per la fine del mercato tutelato<\/strong>, regime che fino a questo momento riguarda circa 15 milioni di persone, che equivale a circa<strong> un terzo degli utenti complessivi presenti in Italia<\/strong>. Nel loro caso, i costi delle tariffe di luce e gas che si ritrovano nella bolletta di luce e gas sono condizionati dall&#8217;andamento del mercato, che viene aggiornato con cadenza trimestrale da ARERA (Autorit\u00e0 per l&#8217;Energia di Reti e Ambientie. Il rischio concreto per molti di loro \u00e8 quindi quello di andare incontro a un salasso non da poco (questa sembra essere la situazione per il gas nell&#8217;ultima parte dell&#8217;anno), ma c&#8217;\u00e8 chi finora si \u00e8 sentito timoroso all&#8217;idea di passare al mercato libero e ha quindi preferito non cambiare.<\/p>\n<p>Il rinvio previsto, secondo quanto trapela da Palazzo Chigi,<strong> potrebbe essere da 6 mesi e fino a un anno.<\/strong> Se non ci saranno ulteriori prese di posizione da parte dell&#8217;esecutivo, ma l&#8217;ipotesi sembra essere da scartare, la fine del mercato tutelato per il gas \u00e8 prevista per il 10 gennaio 2024, mentre per la luce sarebbe necessario attendere aprile del prossimo anno.<\/p>\n<p>Gli unici a essere <strong>esentati attualmente dal trasferimento al mercato libero<\/strong> (a questo proposito, se non lo sai,<a href=\"https:\/\/www.comparasemplice.it\/informazioni\/energia\/3-cose-che-ti-succedono-se-non-passi-al-mercato-libero\"><strong> ti consigliamo di leggere questo articolo per capire a cosa potresti andare incontro se non dovessi metterti in regola quando scatter\u00e0 lo stop definitivo<\/strong><\/a>) sono solo i <strong>clienti considerati vulnerabili<\/strong>. In questa categoria rientrano i soggetti si trovano in una situazione di calamit\u00e0 o di oggettiva difficolt\u00e0 economica (gi\u00e0 percettori del bonus sociale luce e gas), le persone disabili e chi a pi\u00f9 di 75 anni di et\u00e0. Nulla vieta comunque anche a loro di poter passare, se lo desiderano al mercato libero: questa misura ha il vantaggio di <strong>garantire ai clienti un prezzo bloccato per la materia prima<\/strong> (luce o gas) per 12 o 24 mesi, a seconda della scelta fatta, riducendo cos\u00ec in maniera significativa le incertezze quando ci si ritrover\u00e0 con la fattura tra le mani.<\/p>\n<h2>Una tutela per le famiglie meno abbienti<\/h2>\n<p>Non \u00e8 escluso per\u00f2 che il rinvio della fine del mercato tutelato non possa riguardare solo una parte della popolazione e non in maniera integrale tutti i nuclei che si ritrovano ancora con questo regime. Sulla base di quanto trapela da fonti del ministero dell\u2019Ambiente e della sicurezza energetica, si potrebbe arrivare a concedere <strong>fino a un anno di tempo per il passaggio al mercato libero alle fasce pi\u00f9 deboli e ai nuclei familiari particolarmente numerosi<\/strong> che rasentano i requisiti per accedere al bonus sociale (Isee fino a 15mila euro o fino a 30mila euro per le famiglie numerose con almeno quattro figli a carico).<\/p>\n<p>Questa decisione, che sembra essere ormai prossima, sar\u00e0 con ogni probabilit\u00e0 uno dei temi all&#8217;ordine del giorno del Consiglio dei Ministri. Il premier Giorgia Meloni e i suoi collaboratori sono infatti consapevoli di come sia<strong> importante non perdere tempo<\/strong> e comunicare in maniera tempestiva agli italiani la scelta presa a riguardo.<\/p>\n<p>Non a caso, questa opzione era stata confermata pochi giorni fa anche dal Ministro dell&#8217;ambiente e della sicurezza energetica Gilberto Pichetto Fratin, che aveva detto: &#8220;<em>Questa \u00e8 una valutazione che stiamo facendo in questi giorni&#8221;<\/em> &#8211; erano state le sue parole in una breve intervista rilasciata ai microfoni di Sky Tg24.<\/p>\n<p>Gli ultimi aggiornamenti forniti da ARERA non permettono di guardare ai prossimi mesi con particolare serenit\u00e0, proprio per questo diventa necessario poter garantire maggiori certezze. Le <strong>bollette della luce,<\/strong> secondo quanto comunicato dall&#8217;Autorit\u00e0, infatti, sono destinate ad <a href=\"https:\/\/www.comparasemplice.it\/informazioni\/energia\/andamento-prezzi-luce-gas\"><strong>aumentare per il mercato in tutela del 18,6%<\/strong><\/a> nel quarto trimestre dell&#8217;anno, rispetto a luglio-settembre. A livello generale, per\u00f2, questi numeri indicano una flessione del 57%., rispetto allo stesso periodo dello scorso anno.<\/p>\n<p>Per l&#8217;ARERA una situazione simile coinvolger\u00e0 per\u00f2 anche la <strong>bolletta del gas<\/strong>. Il governo ha scelto di intervenire per cercare di tamponare il problema on il decreto Energia, che ha prorogato al quarto trimestre l\u2019azzeramento degli oneri di sistema sulla bolletta del gas, l\u2019Iva al 5% sul metano e il bonus sociale elettrico.<\/p>\n<p><strong>Federconsumatori<\/strong>, associazione che da tempo \u00e8 in prima linea nella tutela dei consumatori, \u00e8 intervenuta a riguardo, consapevole di come il quadro attuale sia delicato: &#8220;<em>L\u2019abolizione del mercato tutelato per l\u2019energia e per il gas avverr\u00e0 con troppe criticit\u00e0 aperte<\/em> \u2013 si legge in una nota ufficiale \u2013.<em> Ecco perch\u00e9 secondo noi sarebbe doveroso e di buon senso, vista la situazione di difficolt\u00e0 che coinvolge le famiglie e tenuto conto dei forti aumenti,<strong> prorogare di un tempo congruo il mercato tutelato&#8221;.<\/strong><\/em><\/p>\n<p>Il <strong>Codacons<\/strong> ha voluto invece dare un&#8217;idea pi\u00f9 precisa di quanto sta accadendo facendo riferimento ai numeri, che sono spesso indicativi: &#8220;<em>Con le nuove tariffe indicate dall&#8217;Arera, per questo trimestre<strong> la spesa della famiglia tipo per la luce sale di circa 20 euro su base annua<\/strong>, portando la bolletta elettrica a quota 764 euro&#8221; &#8211;<\/em> sono state le parole del presidente Carlo Rienzi.<\/p>\n","protected":false},"excerpt":{"rendered":"<p>A poche settimane dalla sua abolizione definitiva, il governo sembra essere sempre pi\u00f9 intenzionato a optare per l&#8217;ennesimo rinvio del&#8230;<\/p>\n","protected":false},"author":51,"featured_media":50366,"comment_status":"open","ping_status":"open","sticky":false,"template":"","format":"standard","meta":{"_acf_changed":false,"footnotes":""},"categories":[29,31,57,723],"tags":[],"acf":[],"yoast_head":"<!-- This site is optimized with the Yoast SEO plugin v23.4 - https:\/\/yoast.com\/wordpress\/plugins\/seo\/ -->\n<title>Rinvio fine mercato tutelato: verso nuova proroga | ComparaSemplice.it<\/title>\n<meta name=\"description\" content=\"Il governo sembra essere intenzionato a decidere un nuovo rinvio per la fine del mercato tutelato, situazione che riguarda circa 15 milioni di persone.\" \/>\n<meta name=\"robots\" content=\"index, follow, max-snippet:-1, max-image-preview:large, max-video-preview:-1\" \/>\n<link rel=\"canonical\" href=\"https:\/\/www.comparasemplice.it\/informazioni\/news\/rinvio-fine-mercato-tutelato-proroga\" \/>\n<meta name=\"author\" content=\"Ilaria Macchi\" \/>\n<script type=\"application\/ld+json\" class=\"yoast-schema-graph\">{\"@context\":\"https:\/\/schema.org\",\"@graph\":[{\"@type\":\"BreadcrumbList\",\"@id\":\"https:\/\/www.comparasemplice.it\/informazioni\/news\/rinvio-fine-mercato-tutelato-proroga#breadcrumb\",\"itemListElement\":[{\"@type\":\"ListItem\",\"position\":1,\"name\":\"Home\",\"item\":\"https:\/\/www.comparasemplice.it\/informazioni\"},{\"@type\":\"ListItem\",\"position\":2,\"name\":\"Rinvio fine mercato tutelato: si va verso una nuova proroga, cosa pu\u00f2 accadere\"}]}]}<\/script>\n<!-- \/ Yoast SEO plugin. -->","yoast_head_json":{"title":"Rinvio fine mercato tutelato: verso nuova proroga | ComparaSemplice.it","description":"Il governo sembra essere intenzionato a decidere un nuovo rinvio per la fine del mercato tutelato, situazione che riguarda circa 15 milioni di persone.","robots":{"index":"index","follow":"follow","max-snippet":"max-snippet:-1","max-image-preview":"max-image-preview:large","max-video-preview":"max-video-preview:-1"},"canonical":"https:\/\/www.comparasemplice.it\/informazioni\/news\/rinvio-fine-mercato-tutelato-proroga","author":"Ilaria Macchi","schema":{"@context":"https:\/\/schema.org","@graph":[{"@type":"BreadcrumbList","@id":"https:\/\/www.comparasemplice.it\/informazioni\/news\/rinvio-fine-mercato-tutelato-proroga#breadcrumb","itemListElement":[{"@type":"ListItem","position":1,"name":"Home","item":"https:\/\/www.comparasemplice.it\/informazioni"},{"@type":"ListItem","position":2,"name":"Rinvio fine mercato tutelato: si va verso una nuova proroga, cosa pu\u00f2 accadere"}]}]}},"_links":{"self":[{"href":"https:\/\/www.comparasemplice.it\/informazioni\/wp-json\/wp\/v2\/posts\/56281"}],"collection":[{"href":"https:\/\/www.comparasemplice.it\/informazioni\/wp-json\/wp\/v2\/posts"}],"about":[{"href":"https:\/\/www.comparasemplice.it\/informazioni\/wp-json\/wp\/v2\/types\/post"}],"author":[{"embeddable":true,"href":"https:\/\/www.comparasemplice.it\/informazioni\/wp-json\/wp\/v2\/users\/51"}],"replies":[{"embeddable":true,"href":"https:\/\/www.comparasemplice.it\/informazioni\/wp-json\/wp\/v2\/comments?post=56281"}],"version-history":[{"count":7,"href":"https:\/\/www.comparasemplice.it\/informazioni\/wp-json\/wp\/v2\/posts\/56281\/revisions"}],"predecessor-version":[{"id":64051,"href":"https:\/\/www.comparasemplice.it\/informazioni\/wp-json\/wp\/v2\/posts\/56281\/revisions\/64051"}],"wp:featuredmedia":[{"embeddable":true,"href":"https:\/\/www.comparasemplice.it\/informazioni\/wp-json\/wp\/v2\/media\/50366"}],"wp:attachment":[{"href":"https:\/\/www.comparasemplice.it\/informazioni\/wp-json\/wp\/v2\/media?parent=56281"}],"wp:term":[{"taxonomy":"category","embeddable":true,"href":"https:\/\/www.comparasemplice.it\/informazioni\/wp-json\/wp\/v2\/categories?post=56281"},{"taxonomy":"post_tag","embeddable":true,"href":"https:\/\/www.comparasemplice.it\/informazioni\/wp-json\/wp\/v2\/tags?post=56281"}],"curies":[{"name":"wp","href":"https:\/\/api.w.org\/{rel}","templated":true}]}}